{"id":3929,"date":"2025-07-14T10:21:19","date_gmt":"2025-07-14T10:21:19","guid":{"rendered":"https:\/\/cpsantonio.pt\/front\/?p=3929"},"modified":"2025-07-14T10:26:01","modified_gmt":"2025-07-14T10:26:01","slug":"a-arde-apoia-casa-do-povo-de-santo-antonio","status":"publish","type":"post","link":"http:\/\/cpsantonio.pt\/front\/2025\/07\/14\/a-arde-apoia-casa-do-povo-de-santo-antonio\/","title":{"rendered":"A ARDE apoia Casa do Povo de Santo Ant\u00f3nio"},"content":{"rendered":"<p class=\"x_MsoNormal\"><span data-ogsc=\"rgb(11, 118, 160)\" data-olk-copy-source=\"MessageBody\">A ARDE \u2013 Associa\u00e7\u00e3o Regional para o Desenvolvimento apoiou a Casa do Povo de Santo Ant\u00f3nio, mais concretamente as suas respostas sociais Catl \u201cJardim da Imagina\u00e7\u00e3o\u201d (Santo Ant\u00f3nio), Catl \u201cArco-\u00cdris (Ajuda da Bretanha) e Centro Comunit\u00e1rio Jovem, atrav\u00e9s\u00a0 do Programa PRORURAL +,\u00a0 com a Submedida\/A\u00e7\u00e3o: &#8220;<i data-ogsc=\"\">Apoio \u00e0 realiza\u00e7\u00e3o de opera\u00e7\u00f5es no \u00e2mbito da estrat\u00e9gia de desenvolvimento promovido pelas comunidades locais&#8221;,\u00a0<\/i>tendo sido a Interven\u00e7\u00e3o no Investimento em servi\u00e7os b\u00e1sicos.<\/span><\/p>\n<p class=\"x_MsoNormal\"><span data-ogsc=\"rgb(11, 118, 160)\">Objetivo do apoio:\u00a0A Casa do Povo de Santo Ant\u00f3nio desenvolve 2 respostas sociais de Catl (frequentadas por 101 crian\u00e7as, com idades compreendidas entre os 3 e os 10 anos) e um Centro Comunit\u00e1rio Jovem (frequentado por 30 adolescentes\/jovens). Para colmatar algumas lacunas no que respeita ao acompanhamento escolar, pretendemos renovar\/atualizar esses espa\u00e7os, apetrechando-os de novos equipamentos e materiais l\u00fadico-pedag\u00f3gicos. Atualmente, as crian\u00e7as encontram-se divididas em 5 salas (3 salas situadas em Santo Ant\u00f3nio e 2 salas na freguesia da Ajuda da Bretanha), sendo que ambas as freguesias s\u00e3o rurais e pertencentes ao concelho de Ponta Delgada. Essas salas (e as do Centro Jovem) destinam-se ao acompanhamento o mais individualizado poss\u00edvel dos alunos, apostando num ensino personalizado, adaptado \u00e0s necessidades e car\u00eancias espec\u00edficas de cada utente e que privilegia os pequenos grupos e o trabalho por disciplina e\/ou \u00e1rea de compet\u00eancia.<\/span><\/p>\n<p class=\"x_MsoNormal\"><span data-ogsc=\"rgb(11, 118, 160)\">Este apoio recebido da ARDE constitui, pois, uma das estrat\u00e9gias de efetiva melhoria das aprendizagens e de promo\u00e7\u00e3o do sucesso escolar.<\/span><\/p>\n<p><img loading=\"lazy\" class=\"alignnone size-full wp-image-3819\" src=\"http:\/\/cpsantonio.pt\/front\/wp-content\/uploads\/2023\/03\/Sem-Titulo.jpg\" alt=\"\" width=\"775\" height=\"177\" srcset=\"http:\/\/cpsantonio.pt\/front\/wp-content\/uploads\/2023\/03\/Sem-Titulo.jpg 775w, http:\/\/cpsantonio.pt\/front\/wp-content\/uploads\/2023\/03\/Sem-Titulo-300x69.jpg 300w, http:\/\/cpsantonio.pt\/front\/wp-content\/uploads\/2023\/03\/Sem-Titulo-768x175.jpg 768w\" sizes=\"(max-width: 775px) 100vw, 775px\" \/><\/p>\n","protected":false},"excerpt":{"rendered":"<p>A ARDE \u2013 Associa\u00e7\u00e3o Regional para o Desenvolvimento apoiou a Casa do Povo de Santo Ant\u00f3nio, mais concretamente as suas respostas sociais Catl \u201cJardim da Imagina\u00e7\u00e3o\u201d (Santo Ant\u00f3nio), Catl \u201cArco-\u00cdris&#8230;<\/p>\n","protected":false},"author":2,"featured_media":0,"comment_status":"closed","ping_status":"open","sticky":false,"template":"","format":"standard","meta":[],"categories":[45],"tags":[],"_links":{"self":[{"href":"http:\/\/cpsantonio.pt\/front\/wp-json\/wp\/v2\/posts\/3929"}],"collection":[{"href":"http:\/\/cpsantonio.pt\/front\/wp-json\/wp\/v2\/posts"}],"about":[{"href":"http:\/\/cpsantonio.pt\/front\/wp-json\/wp\/v2\/types\/post"}],"author":[{"embeddable":true,"href":"http:\/\/cpsantonio.pt\/front\/wp-json\/wp\/v2\/users\/2"}],"replies":[{"embeddable":true,"href":"http:\/\/cpsantonio.pt\/front\/wp-json\/wp\/v2\/comments?post=3929"}],"version-history":[{"count":1,"href":"http:\/\/cpsantonio.pt\/front\/wp-json\/wp\/v2\/posts\/3929\/revisions"}],"predecessor-version":[{"id":3930,"href":"http:\/\/cpsantonio.pt\/front\/wp-json\/wp\/v2\/posts\/3929\/revisions\/3930"}],"wp:attachment":[{"href":"http:\/\/cpsantonio.pt\/front\/wp-json\/wp\/v2\/media?parent=3929"}],"wp:term":[{"taxonomy":"category","embeddable":true,"href":"http:\/\/cpsantonio.pt\/front\/wp-json\/wp\/v2\/categories?post=3929"},{"taxonomy":"post_tag","embeddable":true,"href":"http:\/\/cpsantonio.pt\/front\/wp-json\/wp\/v2\/tags?post=3929"}],"curies":[{"name":"wp","href":"https:\/\/api.w.org\/{rel}","templated":true}]}}