{"id":3828,"date":"2024-01-05T18:56:42","date_gmt":"2024-01-05T18:56:42","guid":{"rendered":"https:\/\/cpsantonio.pt\/front\/?p=3828"},"modified":"2025-07-14T10:26:23","modified_gmt":"2025-07-14T10:26:23","slug":"arde-apoia-casa-do-povo-de-santo-antonio-2","status":"publish","type":"post","link":"http:\/\/cpsantonio.pt\/front\/2024\/01\/05\/arde-apoia-casa-do-povo-de-santo-antonio-2\/","title":{"rendered":"CPSA agradece apoio da ARDE"},"content":{"rendered":"<p>A ARDE \u2013 Associa\u00e7\u00e3o para o Desenvolvimento, apoiou a Casa do Povo de Santo Ant\u00f3nio e as suas respostas sociais Catl &#8220;Jardim da Imagina\u00e7\u00e3o&#8221; (Santo Ant\u00f3nio) e Catl &#8220;Arco-\u00cdris (Ajuda da Bretanha), atrav\u00e9s\u00a0 do Programa PRORURAL +,\u00a0 com a Submedida\/A\u00e7\u00e3o: Apoio \u00e0 realiza\u00e7\u00e3o de opera\u00e7\u00f5es no \u00e2mbito da estrat\u00e9gia de desenvolvimento promovido pelas comunidades locais, tendo sido a Interven\u00e7\u00e3o no Investimento em servi\u00e7os b\u00e1sicos.<\/p>\n<p>Para colmatar algumas lacunas no que respeita ao acompanhamento escolar, pretendemos renovar\/atualizar esses espa\u00e7os, apetrechando-os de novos equipamentos e materiais l\u00fadico-pedag\u00f3gicos. Atualmente, as crian\u00e7as encontram-se divididas em 5 salas (3 salas situadas em Santo Ant\u00f3nio e 2 salas na freguesia da Ajuda da Bretanha), sendo que ambas as freguesias s\u00e3o rurais e pertencentes ao concelho de Ponta Delgada. Essas salas destinam-se ao acompanhamento o mais individualizado poss\u00edvel dos alunos, apostando num ensino personalizado, adaptado \u00e0s necessidades e car\u00eancias espec\u00edficas de cada crian\u00e7a e que privilegia os pequenos grupos e o trabalho por disciplina e\/ou \u00e1rea de compet\u00eancia.<br \/>\nEste projeto constitui, pois, uma das estrat\u00e9gias de efetiva melhoria das aprendizagens e de promo\u00e7\u00e3o do sucesso escolar.<\/p>\n<p><img loading=\"lazy\" class=\"alignnone size-full wp-image-3819\" src=\"http:\/\/cpsantonio.pt\/front\/wp-content\/uploads\/2023\/03\/Sem-Titulo.jpg\" alt=\"\" width=\"775\" height=\"177\" srcset=\"http:\/\/cpsantonio.pt\/front\/wp-content\/uploads\/2023\/03\/Sem-Titulo.jpg 775w, http:\/\/cpsantonio.pt\/front\/wp-content\/uploads\/2023\/03\/Sem-Titulo-300x69.jpg 300w, http:\/\/cpsantonio.pt\/front\/wp-content\/uploads\/2023\/03\/Sem-Titulo-768x175.jpg 768w\" sizes=\"(max-width: 775px) 100vw, 775px\" \/><\/p>\n","protected":false},"excerpt":{"rendered":"<p>A ARDE \u2013 Associa\u00e7\u00e3o para o Desenvolvimento, apoiou a Casa do Povo de Santo Ant\u00f3nio e as suas respostas sociais Catl &#8220;Jardim da Imagina\u00e7\u00e3o&#8221; (Santo Ant\u00f3nio) e Catl &#8220;Arco-\u00cdris (Ajuda&#8230;<\/p>\n","protected":false},"author":2,"featured_media":0,"comment_status":"closed","ping_status":"open","sticky":false,"template":"","format":"standard","meta":[],"categories":[1],"tags":[],"_links":{"self":[{"href":"http:\/\/cpsantonio.pt\/front\/wp-json\/wp\/v2\/posts\/3828"}],"collection":[{"href":"http:\/\/cpsantonio.pt\/front\/wp-json\/wp\/v2\/posts"}],"about":[{"href":"http:\/\/cpsantonio.pt\/front\/wp-json\/wp\/v2\/types\/post"}],"author":[{"embeddable":true,"href":"http:\/\/cpsantonio.pt\/front\/wp-json\/wp\/v2\/users\/2"}],"replies":[{"embeddable":true,"href":"http:\/\/cpsantonio.pt\/front\/wp-json\/wp\/v2\/comments?post=3828"}],"version-history":[{"count":3,"href":"http:\/\/cpsantonio.pt\/front\/wp-json\/wp\/v2\/posts\/3828\/revisions"}],"predecessor-version":[{"id":3931,"href":"http:\/\/cpsantonio.pt\/front\/wp-json\/wp\/v2\/posts\/3828\/revisions\/3931"}],"wp:attachment":[{"href":"http:\/\/cpsantonio.pt\/front\/wp-json\/wp\/v2\/media?parent=3828"}],"wp:term":[{"taxonomy":"category","embeddable":true,"href":"http:\/\/cpsantonio.pt\/front\/wp-json\/wp\/v2\/categories?post=3828"},{"taxonomy":"post_tag","embeddable":true,"href":"http:\/\/cpsantonio.pt\/front\/wp-json\/wp\/v2\/tags?post=3828"}],"curies":[{"name":"wp","href":"https:\/\/api.w.org\/{rel}","templated":true}]}}